{"id":10,"date":"2016-06-30T05:23:26","date_gmt":"2016-06-30T08:23:26","guid":{"rendered":"http:\/\/claec.org\/elacult\/?p=10"},"modified":"2026-03-24T16:39:08","modified_gmt":"2026-03-24T19:39:08","slug":"boas-vindas","status":"publish","type":"post","link":"https:\/\/claec.org\/elacult\/2016\/06\/30\/boas-vindas\/","title":{"rendered":"Boas vindas"},"content":{"rendered":"\n<p>A ELACult \u00e9 o espa\u00e7o de forma\u00e7\u00e3o e atualiza\u00e7\u00e3o acad\u00eamica do Centro Latino-Americano de Estudos em Cultura (CLAEC) que oferece propostas de ensino com foco na promo\u00e7\u00e3o, expans\u00e3o e difus\u00e3o das pol\u00edticas socioculturais, adotando como eixo transversal a diversidade social e cultural Latino-Americana.<\/p>\n\n\n\n<p>\u00c9 integrada a rede de pesquisadores\/as do CLAEC, presente em sete pa\u00edses da Am\u00e9rica do Sul, Am\u00e9rica do Norte e Europa e representado localmente pela Sede Brasil e as Subsedes Argentina e Uruguai.<\/p>\n\n\n\n<p>Espa\u00e7o que possibilita, em formato de cursos e semin\u00e1rios, a difus\u00e3o das mais recentes resultantes de pesquisa da rede.<\/p>\n","protected":false},"excerpt":{"rendered":"<p>A ELACult \u00e9 o espa\u00e7o de forma\u00e7\u00e3o e atualiza\u00e7\u00e3o acad\u00eamica do Centro Latino-Americano de Estudos em Cultura (CLAEC) que oferece propostas de ensino com foco na promo\u00e7\u00e3o, expans\u00e3o e difus\u00e3o das pol\u00edticas socioculturais, adotando como eixo transversal a diversidade social e cultural Latino-Americana.<\/p>\n","protected":false},"author":1,"featured_media":297,"comment_status":"closed","ping_status":"open","sticky":false,"template":"","format":"standard","meta":{"_monsterinsights_skip_tracking":false,"_monsterinsights_sitenote_active":false,"_monsterinsights_sitenote_note":"","_monsterinsights_sitenote_category":0,"footnotes":""},"categories":[51,52,53,49,2,50],"tags":[],"class_list":["post-10","post","type-post","status-publish","format-standard","has-post-thumbnail","hentry","category-100-online","category-certificacao-sul-sul","category-curso-de-formacao","category-hibrido","category-novidades","category-presencial"],"_links":{"self":[{"href":"https:\/\/claec.org\/elacult\/wp-json\/wp\/v2\/posts\/10","targetHints":{"allow":["GET"]}}],"collection":[{"href":"https:\/\/claec.org\/elacult\/wp-json\/wp\/v2\/posts"}],"about":[{"href":"https:\/\/claec.org\/elacult\/wp-json\/wp\/v2\/types\/post"}],"author":[{"embeddable":true,"href":"https:\/\/claec.org\/elacult\/wp-json\/wp\/v2\/users\/1"}],"replies":[{"embeddable":true,"href":"https:\/\/claec.org\/elacult\/wp-json\/wp\/v2\/comments?post=10"}],"version-history":[{"count":3,"href":"https:\/\/claec.org\/elacult\/wp-json\/wp\/v2\/posts\/10\/revisions"}],"predecessor-version":[{"id":370,"href":"https:\/\/claec.org\/elacult\/wp-json\/wp\/v2\/posts\/10\/revisions\/370"}],"wp:featuredmedia":[{"embeddable":true,"href":"https:\/\/claec.org\/elacult\/wp-json\/wp\/v2\/media\/297"}],"wp:attachment":[{"href":"https:\/\/claec.org\/elacult\/wp-json\/wp\/v2\/media?parent=10"}],"wp:term":[{"taxonomy":"category","embeddable":true,"href":"https:\/\/claec.org\/elacult\/wp-json\/wp\/v2\/categories?post=10"},{"taxonomy":"post_tag","embeddable":true,"href":"https:\/\/claec.org\/elacult\/wp-json\/wp\/v2\/tags?post=10"}],"curies":[{"name":"wp","href":"https:\/\/api.w.org\/{rel}","templated":true}]}}