{"id":2002,"date":"2020-08-29T17:49:22","date_gmt":"2020-08-29T20:49:22","guid":{"rendered":"http:\/\/claec.org\/ehm\/?p=2002"},"modified":"2020-08-29T17:50:20","modified_gmt":"2020-08-29T20:50:20","slug":"chamada-para-comunicadores","status":"publish","type":"post","link":"https:\/\/claec.org\/ehm\/2020\/08\/29\/chamada-para-comunicadores\/","title":{"rendered":"CHAMADA PARA COMUNICADORES"},"content":{"rendered":"\t\t<div data-elementor-type=\"wp-post\" data-elementor-id=\"2002\" class=\"elementor elementor-2002\" data-elementor-post-type=\"post\">\n\t\t\t\t\t\t<section class=\"elementor-section elementor-top-section elementor-element elementor-element-32fb3002 elementor-section-boxed elementor-section-height-default elementor-section-height-default\" data-id=\"32fb3002\" data-element_type=\"section\" data-e-type=\"section\">\n\t\t\t\t\t\t<div class=\"elementor-container elementor-column-gap-default\">\n\t\t\t\t\t<div class=\"elementor-column elementor-col-100 elementor-top-column elementor-element elementor-element-3ced1730\" data-id=\"3ced1730\" data-element_type=\"column\" data-e-type=\"column\">\n\t\t\t<div class=\"elementor-widget-wrap elementor-element-populated\">\n\t\t\t\t\t\t<div class=\"elementor-element elementor-element-b6501ec elementor-widget elementor-widget-text-editor\" data-id=\"b6501ec\" data-element_type=\"widget\" data-e-type=\"widget\" data-widget_type=\"text-editor.default\">\n\t\t\t\t<div class=\"elementor-widget-container\">\n\t\t\t\t\t\t\t\t\t<p>\u00c9 com grande satisfa\u00e7\u00e3o que abrimos as chamadas para comunicadores do dia 31 de agosto a 30 de setembro de 2020. Este ano o VI EHM\/V CLAEHM ser\u00e1 realizado em formato virtual, para se inscrever acesse a ABA inscri\u00e7\u00f5es no menu inicial.<\/p>\t\t\t\t\t\t\t\t<\/div>\n\t\t\t\t<\/div>\n\t\t\t\t\t<\/div>\n\t\t<\/div>\n\t\t\t\t\t<\/div>\n\t\t<\/section>\n\t\t\t\t<\/div>\n\t\t","protected":false},"excerpt":{"rendered":"<p>\u00c9 com grande satisfa\u00e7\u00e3o que abrimos as chamadas para comunicadores do dia 31 de agosto a 30 de setembro de 2020. Este ano o VI EHM\/V CLAEHM ser\u00e1 realizado em formato virtual, para se inscrever acesse a ABA inscri\u00e7\u00f5es no menu inicial.<\/p>\n","protected":false},"author":1,"featured_media":0,"comment_status":"open","ping_status":"open","sticky":false,"template":"","format":"standard","meta":{"_monsterinsights_skip_tracking":false,"_monsterinsights_sitenote_active":false,"_monsterinsights_sitenote_note":"","_monsterinsights_sitenote_category":0,"footnotes":""},"categories":[1],"tags":[],"class_list":["post-2002","post","type-post","status-publish","format-standard","hentry","category-sem-categoria"],"_links":{"self":[{"href":"https:\/\/claec.org\/ehm\/wp-json\/wp\/v2\/posts\/2002","targetHints":{"allow":["GET"]}}],"collection":[{"href":"https:\/\/claec.org\/ehm\/wp-json\/wp\/v2\/posts"}],"about":[{"href":"https:\/\/claec.org\/ehm\/wp-json\/wp\/v2\/types\/post"}],"author":[{"embeddable":true,"href":"https:\/\/claec.org\/ehm\/wp-json\/wp\/v2\/users\/1"}],"replies":[{"embeddable":true,"href":"https:\/\/claec.org\/ehm\/wp-json\/wp\/v2\/comments?post=2002"}],"version-history":[{"count":2,"href":"https:\/\/claec.org\/ehm\/wp-json\/wp\/v2\/posts\/2002\/revisions"}],"predecessor-version":[{"id":2004,"href":"https:\/\/claec.org\/ehm\/wp-json\/wp\/v2\/posts\/2002\/revisions\/2004"}],"wp:attachment":[{"href":"https:\/\/claec.org\/ehm\/wp-json\/wp\/v2\/media?parent=2002"}],"wp:term":[{"taxonomy":"category","embeddable":true,"href":"https:\/\/claec.org\/ehm\/wp-json\/wp\/v2\/categories?post=2002"},{"taxonomy":"post_tag","embeddable":true,"href":"https:\/\/claec.org\/ehm\/wp-json\/wp\/v2\/tags?post=2002"}],"curies":[{"name":"wp","href":"https:\/\/api.w.org\/{rel}","templated":true}]}}