{"id":839,"date":"2021-01-09T11:51:29","date_gmt":"2021-01-09T14:51:29","guid":{"rendered":"http:\/\/claec.org\/editora\/?p=839"},"modified":"2021-01-14T21:46:29","modified_gmt":"2021-01-15T00:46:29","slug":"publicado-o-e-book-ensino-aprendizagem-de-linguas-literaturas-e-culturas-inglesas-espanholas-e-portuguesas-na-america-latina-desafios-e-perspectivas-para-o-seculo-xxi","status":"publish","type":"post","link":"https:\/\/claec.org\/editora\/publicado-o-e-book-ensino-aprendizagem-de-linguas-literaturas-e-culturas-inglesas-espanholas-e-portuguesas-na-america-latina-desafios-e-perspectivas-para-o-seculo-xxi\/","title":{"rendered":"Publicado o e-Book &#8220;Ensino-aprendizagem de L\u00ednguas, Literaturas e Culturas Inglesas, Espanholas e Portuguesas na Am\u00e9rica Latina: desafios e perspectivas para o s\u00e9culo XXI&#8221;"},"content":{"rendered":"\n<p>A Editora CLAEC tem a honra de divulgar a publica\u00e7\u00e3o de mais um livro em formato de e-Book, primeira obra de 2021 pelo Selo Editorial CLAEC e-Books. Trata-se do livro <em>Ensino-aprendizagem de L\u00ednguas, Literaturas e Culturas Inglesas, Espanholas e Portuguesas na Am\u00e9rica Latina: desafios e perspectivas para o s\u00e9culo XXI<\/em>, organizado por Profa. Dra. Suzana Ferreira Paulino Domingos, Prof. Dr. Eduardo Barbuio e Profa. Dra. Julia Larr\u00e9, docentes da Universidade Federal Rural de Pernambuco.<\/p>\n\n\n\n<p>O e-book pode ser acessado gratuitamente clicando na imagem abaixo.<\/p>\n\n\n\n<div class=\"wp-block-image\"><figure class=\"aligncenter is-resized\"><a href=\"https:\/\/claec.org\/editora\/wp-content\/uploads\/sites\/3\/2021\/01\/Ensino-aprendizagem-de-L\u00ednguas-Literaturas-e-Culturas-Inglesas-Espanholas-e-Portuguesas-final.pdf\"><img fetchpriority=\"high\" decoding=\"async\" src=\"https:\/\/claec.org\/editora\/wp-content\/uploads\/sites\/3\/2021\/01\/Ensino-aprendizagem-724x1024.png\" alt=\"\" class=\"wp-image-825\" width=\"212\" height=\"300\" \/><\/a><\/figure><\/div>\n","protected":false},"excerpt":{"rendered":"<p>A Editora CLAEC tem a honra de divulgar a publica\u00e7\u00e3o de mais um livro em formato de e-Book, primeira obra de 2021 pelo Selo Editorial CLAEC e-Books. Trata-se do livro Ensino-aprendizagem de L\u00ednguas, Literaturas e Culturas Inglesas, Espanholas e Portuguesas na Am\u00e9rica Latina: desafios e perspectivas para o s\u00e9culo XXI, organizado por Profa. Dra. Suzana [&hellip;]<\/p>\n","protected":false},"author":12,"featured_media":825,"comment_status":"open","ping_status":"open","sticky":false,"template":"","format":"standard","meta":{"_monsterinsights_skip_tracking":false,"_monsterinsights_sitenote_active":false,"_monsterinsights_sitenote_note":"","_monsterinsights_sitenote_category":0,"footnotes":""},"categories":[2],"tags":[14,19],"class_list":["post-839","post","type-post","status-publish","format-standard","has-post-thumbnail","hentry","category-noticias","tag-ensino-aprendizagem-de-linguas","tag-lingua-espanhola"],"_links":{"self":[{"href":"https:\/\/claec.org\/editora\/wp-json\/wp\/v2\/posts\/839","targetHints":{"allow":["GET"]}}],"collection":[{"href":"https:\/\/claec.org\/editora\/wp-json\/wp\/v2\/posts"}],"about":[{"href":"https:\/\/claec.org\/editora\/wp-json\/wp\/v2\/types\/post"}],"author":[{"embeddable":true,"href":"https:\/\/claec.org\/editora\/wp-json\/wp\/v2\/users\/12"}],"replies":[{"embeddable":true,"href":"https:\/\/claec.org\/editora\/wp-json\/wp\/v2\/comments?post=839"}],"version-history":[{"count":2,"href":"https:\/\/claec.org\/editora\/wp-json\/wp\/v2\/posts\/839\/revisions"}],"predecessor-version":[{"id":879,"href":"https:\/\/claec.org\/editora\/wp-json\/wp\/v2\/posts\/839\/revisions\/879"}],"wp:featuredmedia":[{"embeddable":true,"href":"https:\/\/claec.org\/editora\/wp-json\/wp\/v2\/media\/825"}],"wp:attachment":[{"href":"https:\/\/claec.org\/editora\/wp-json\/wp\/v2\/media?parent=839"}],"wp:term":[{"taxonomy":"category","embeddable":true,"href":"https:\/\/claec.org\/editora\/wp-json\/wp\/v2\/categories?post=839"},{"taxonomy":"post_tag","embeddable":true,"href":"https:\/\/claec.org\/editora\/wp-json\/wp\/v2\/tags?post=839"}],"curies":[{"name":"wp","href":"https:\/\/api.w.org\/{rel}","templated":true}]}}