{"id":69,"date":"2016-06-27T01:43:27","date_gmt":"2016-06-27T04:43:27","guid":{"rendered":"http:\/\/claec.org\/editora\/?p=69"},"modified":"2017-02-09T15:36:02","modified_gmt":"2017-02-09T17:36:02","slug":"edital-012016-e-book-dossie-cultura-em-foco","status":"publish","type":"post","link":"https:\/\/claec.org\/editora\/edital-012016-e-book-dossie-cultura-em-foco\/","title":{"rendered":"Edital 01\/2016 e-book Dossi\u00ea Cultura em Foco"},"content":{"rendered":"<p style=\"text-align: justify;\">A Editora do Centro Latino-Americano de Estudos em Cultura \u2013 CLAEC, convida docentes e pesquisadores a enviarem seus artigos para a primeira edi\u00e7\u00e3o do livro em formato de e-book \u201c<i>Dossi\u00ea Cultura em Foco<\/i>\u201d que traz neste primeiro volume a tem\u00e1tica \u201c<i>Integra\u00e7\u00e3o Cultural Latino-americana<\/i>\u201d.<\/p>\n<p style=\"text-align: justify;\">O e-book com previs\u00e3o de lan\u00e7amento para dezembro de 2016, tem como proposta disponibilizar para a comunidade acad\u00eamica produ\u00e7\u00f5es que deem subs\u00eddios para uma melhor compreens\u00e3o das pol\u00edticas culturais produzidas no \u00e2mbito dos pa\u00edses latinos e as suas contribui\u00e7\u00f5es para a integra\u00e7\u00e3o Latino-americana.<\/p>\n<p style=\"text-align: justify;\">O prazo para submiss\u00e3o de artigos se encerra em 23\/10\/2016. Maiores informa\u00e7\u00f5es sobre o e-book e as formas de participa\u00e7\u00e3o dever\u00e3o ser obtidas no edital da chamada p\u00fablica abaixo.<\/p>\n<p style=\"text-align: justify;\"><a href=\"http:\/\/claec.org\/editora\/wp-content\/uploads\/sites\/3\/2016\/06\/Edital-da-Chamada-P\u00fablica2.pdf\" target=\"_blank\">EDITAL 01\/2016<\/a><\/p>\n<p style=\"text-align: justify;\"><a href=\"http:\/\/claec.org\/editora\/wp-content\/uploads\/sites\/3\/2016\/06\/Modelo-de-CAPA.docx\">MODELO DE CAPA ARTIGO<\/a><\/p>\n<p style=\"text-align: justify;\"><a href=\"http:\/\/claec.org\/editora\/wp-content\/uploads\/sites\/3\/2016\/06\/Resultado-Parcial.pdf\" target=\"_blank\">RESULTADO PARCIAL<\/a><\/p>\n<p style=\"text-align: justify;\"><a href=\"http:\/\/claec.org\/editora\/wp-content\/uploads\/sites\/3\/2016\/06\/Resultado-Final.pdf\" target=\"_blank\"><strong>RESULTADO FINAL<\/strong><\/a><\/p>\n<p><strong>Cronograma<\/strong><\/p>\n<table width=\"481\">\n<tbody>\n<tr>\n<td>\u00a0\u00a0\u00a0\u00a0\u00a0\u00a0\u00a0\u00a0\u00a0\u00a0\u00a0 <strong>Datas<\/strong><\/td>\n<td><strong>Atividades<\/strong><\/td>\n<\/tr>\n<tr>\n<td><span style=\"text-decoration: line-through;\">24\/05\/2016 a 23\/10\/2016<\/span><\/td>\n<td><span style=\"text-decoration: line-through;\">Prazo para submiss\u00e3o de artigos<\/span><\/td>\n<\/tr>\n<tr>\n<td><span style=\"text-decoration: line-through;\">24\/10\/2016 a 15\/01\/2017<\/span><\/td>\n<td><span style=\"text-decoration: line-through;\">Processo de avalia\u00e7\u00e3o e sele\u00e7\u00e3o dos artigos<\/span><\/td>\n<\/tr>\n<tr>\n<td><span style=\"text-decoration: line-through;\">23\/01\/2017<\/span><\/td>\n<td><span style=\"text-decoration: line-through;\">Divulga\u00e7\u00e3o dos artigos selecionados<\/span><\/td>\n<\/tr>\n<tr>\n<td><del><strong>30\/01\/2017<\/strong><\/del><\/td>\n<td><del><strong>Prazo para envio dos artigos corrigidos<\/strong><\/del><\/td>\n<\/tr>\n<tr>\n<td><del>06\/02\/2017<\/del><\/td>\n<td><del>Divulga\u00e7\u00e3o final dos artigos selecionados<\/del><\/td>\n<\/tr>\n<tr>\n<td>04\/2017<\/td>\n<td>Publica\u00e7\u00e3o do Livro (e-book)<\/td>\n<\/tr>\n<\/tbody>\n<\/table>\n<p>&nbsp;<\/p>\n<p>Atualizado em: 09\/02\/2017<\/p>\n","protected":false},"excerpt":{"rendered":"<p>A Editora do Centro Latino-Americano de Estudos em Cultura \u2013 CLAEC, convida docentes e pesquisadores a enviarem seus artigos para a primeira edi\u00e7\u00e3o do livro em formato de e-book \u201cDossi\u00ea Cultura em Foco\u201d que traz neste primeiro volume a tem\u00e1tica \u201cIntegra\u00e7\u00e3o Cultural Latino-americana\u201d. O e-book com previs\u00e3o de lan\u00e7amento para dezembro de 2016, tem como [&hellip;]<\/p>\n","protected":false},"author":1,"featured_media":0,"comment_status":"open","ping_status":"open","sticky":false,"template":"","format":"standard","meta":{"_monsterinsights_skip_tracking":false,"_monsterinsights_sitenote_active":false,"_monsterinsights_sitenote_note":"","_monsterinsights_sitenote_category":0,"footnotes":""},"categories":[3],"tags":[],"class_list":["post-69","post","type-post","status-publish","format-standard","hentry","category-editais"],"_links":{"self":[{"href":"https:\/\/claec.org\/editora\/wp-json\/wp\/v2\/posts\/69","targetHints":{"allow":["GET"]}}],"collection":[{"href":"https:\/\/claec.org\/editora\/wp-json\/wp\/v2\/posts"}],"about":[{"href":"https:\/\/claec.org\/editora\/wp-json\/wp\/v2\/types\/post"}],"author":[{"embeddable":true,"href":"https:\/\/claec.org\/editora\/wp-json\/wp\/v2\/users\/1"}],"replies":[{"embeddable":true,"href":"https:\/\/claec.org\/editora\/wp-json\/wp\/v2\/comments?post=69"}],"version-history":[{"count":8,"href":"https:\/\/claec.org\/editora\/wp-json\/wp\/v2\/posts\/69\/revisions"}],"predecessor-version":[{"id":146,"href":"https:\/\/claec.org\/editora\/wp-json\/wp\/v2\/posts\/69\/revisions\/146"}],"wp:attachment":[{"href":"https:\/\/claec.org\/editora\/wp-json\/wp\/v2\/media?parent=69"}],"wp:term":[{"taxonomy":"category","embeddable":true,"href":"https:\/\/claec.org\/editora\/wp-json\/wp\/v2\/categories?post=69"},{"taxonomy":"post_tag","embeddable":true,"href":"https:\/\/claec.org\/editora\/wp-json\/wp\/v2\/tags?post=69"}],"curies":[{"name":"wp","href":"https:\/\/api.w.org\/{rel}","templated":true}]}}