{"id":13,"date":"2016-06-26T00:22:22","date_gmt":"2016-06-26T03:22:22","guid":{"rendered":"http:\/\/claec.org\/editora\/?p=13"},"modified":"2016-06-27T01:38:53","modified_gmt":"2016-06-27T04:38:53","slug":"lancado-o-site-da-editora-claec","status":"publish","type":"post","link":"https:\/\/claec.org\/editora\/lancado-o-site-da-editora-claec\/","title":{"rendered":"Lan\u00e7ado o site da Editora CLAEC"},"content":{"rendered":"<p style=\"text-align: justify;\">O<strong> Centro Latino-Americano de Estudos em Cultura \u2013 CLAEC<\/strong> anuncia o lan\u00e7amento do portal da <strong>Editora CLAEC<\/strong>, com objetivo de agregar, divulgar e promover maior acessibilidade e visibilidade a produ\u00e7\u00f5es acad\u00eamicas, por meio do\u00a0recebimento e encaminhamento para editora\u00e7\u00e3o eletr\u00f4nica, produ\u00e7\u00e3o impressa ou digital e disponibiliza\u00e7\u00e3o e divulga\u00e7\u00e3o de livros acad\u00eamicos e art\u00edsticos, de associados e parceiros do CLAEC.<\/p>\n<p style=\"text-align: justify;\">A partir desta data os autores que tiverem interesse poder\u00e3o solicitar a inclus\u00e3o de suas obras no Portal. O processo \u00e9 simples, \u00e9 necess\u00e1rio que o proponente seja o detentor dos direitos autorais da obra e efetive o pedido por meio do sistema de submiss\u00e3o diretamente no Portal, que passar\u00e1 por uma an\u00e1lise da equipe e do conselho editorial.<\/p>\n","protected":false},"excerpt":{"rendered":"<p>O Centro Latino-Americano de Estudos em Cultura \u2013 CLAEC anuncia o lan\u00e7amento do portal da Editora CLAEC, com objetivo de agregar, divulgar e promover maior acessibilidade e visibilidade a produ\u00e7\u00f5es acad\u00eamicas, por meio do\u00a0recebimento e encaminhamento para editora\u00e7\u00e3o eletr\u00f4nica, produ\u00e7\u00e3o impressa ou digital e disponibiliza\u00e7\u00e3o e divulga\u00e7\u00e3o de livros acad\u00eamicos e art\u00edsticos, de associados e [&hellip;]<\/p>\n","protected":false},"author":1,"featured_media":21,"comment_status":"open","ping_status":"open","sticky":false,"template":"","format":"standard","meta":{"_monsterinsights_skip_tracking":false,"_monsterinsights_sitenote_active":false,"_monsterinsights_sitenote_note":"","_monsterinsights_sitenote_category":0,"footnotes":""},"categories":[2],"tags":[],"class_list":["post-13","post","type-post","status-publish","format-standard","has-post-thumbnail","hentry","category-noticias"],"_links":{"self":[{"href":"https:\/\/claec.org\/editora\/wp-json\/wp\/v2\/posts\/13","targetHints":{"allow":["GET"]}}],"collection":[{"href":"https:\/\/claec.org\/editora\/wp-json\/wp\/v2\/posts"}],"about":[{"href":"https:\/\/claec.org\/editora\/wp-json\/wp\/v2\/types\/post"}],"author":[{"embeddable":true,"href":"https:\/\/claec.org\/editora\/wp-json\/wp\/v2\/users\/1"}],"replies":[{"embeddable":true,"href":"https:\/\/claec.org\/editora\/wp-json\/wp\/v2\/comments?post=13"}],"version-history":[{"count":1,"href":"https:\/\/claec.org\/editora\/wp-json\/wp\/v2\/posts\/13\/revisions"}],"predecessor-version":[{"id":14,"href":"https:\/\/claec.org\/editora\/wp-json\/wp\/v2\/posts\/13\/revisions\/14"}],"wp:featuredmedia":[{"embeddable":true,"href":"https:\/\/claec.org\/editora\/wp-json\/wp\/v2\/media\/21"}],"wp:attachment":[{"href":"https:\/\/claec.org\/editora\/wp-json\/wp\/v2\/media?parent=13"}],"wp:term":[{"taxonomy":"category","embeddable":true,"href":"https:\/\/claec.org\/editora\/wp-json\/wp\/v2\/categories?post=13"},{"taxonomy":"post_tag","embeddable":true,"href":"https:\/\/claec.org\/editora\/wp-json\/wp\/v2\/tags?post=13"}],"curies":[{"name":"wp","href":"https:\/\/api.w.org\/{rel}","templated":true}]}}