{"id":127,"date":"2016-12-21T01:58:16","date_gmt":"2016-12-21T03:58:16","guid":{"rendered":"http:\/\/claec.org\/editora\/?p=127"},"modified":"2016-12-21T01:58:16","modified_gmt":"2016-12-21T03:58:16","slug":"edital-022016-chamada-de-pareceristas","status":"publish","type":"post","link":"https:\/\/claec.org\/editora\/edital-022016-chamada-de-pareceristas\/","title":{"rendered":"Edital 02\/2016 Chamada de Pareceristas"},"content":{"rendered":"<p>A <strong>Editora <\/strong>do<strong> Centro Latino-Americano de Estudos em Cultura &#8211; CLAEC<\/strong>, torna p\u00fablico, para conhecimento dos interessados, a chamada para sele\u00e7\u00e3o de pareceristas <em>ad hoc<\/em> que sejam doutores em uma das \u00e1reas foco da Editora CLAEC, e que tenham interesse e disponibilidade para colaborar com o processo de avalia\u00e7\u00e3o de textos submetidos aos ve\u00edculos de divulga\u00e7\u00e3o cient\u00edfica da Editora. Maiores informa\u00e7\u00f5es est\u00e3o dispon\u00edveis no Edital da chamada.<\/p>\n<p>&nbsp;<\/p>\n<p><a href=\"http:\/\/claec.org\/editora\/wp-content\/uploads\/sites\/3\/2016\/12\/Edital-da-Chamada-P\u00fablica-n\u00ba-02-2016-Assinado.pdf\" target=\"_blank\"><strong>Edital 02\/2016.<\/strong><\/a><\/p>\n","protected":false},"excerpt":{"rendered":"<p>A Editora do Centro Latino-Americano de Estudos em Cultura &#8211; CLAEC, torna p\u00fablico, para conhecimento dos interessados, a chamada para sele\u00e7\u00e3o de pareceristas ad hoc que sejam doutores em uma das \u00e1reas foco da Editora CLAEC, e que tenham interesse e disponibilidade para colaborar com o processo de avalia\u00e7\u00e3o de textos submetidos aos ve\u00edculos de [&hellip;]<\/p>\n","protected":false},"author":1,"featured_media":0,"comment_status":"open","ping_status":"open","sticky":false,"template":"","format":"standard","meta":{"_monsterinsights_skip_tracking":false,"_monsterinsights_sitenote_active":false,"_monsterinsights_sitenote_note":"","_monsterinsights_sitenote_category":0,"footnotes":""},"categories":[3,2],"tags":[],"class_list":["post-127","post","type-post","status-publish","format-standard","hentry","category-editais","category-noticias"],"_links":{"self":[{"href":"https:\/\/claec.org\/editora\/wp-json\/wp\/v2\/posts\/127","targetHints":{"allow":["GET"]}}],"collection":[{"href":"https:\/\/claec.org\/editora\/wp-json\/wp\/v2\/posts"}],"about":[{"href":"https:\/\/claec.org\/editora\/wp-json\/wp\/v2\/types\/post"}],"author":[{"embeddable":true,"href":"https:\/\/claec.org\/editora\/wp-json\/wp\/v2\/users\/1"}],"replies":[{"embeddable":true,"href":"https:\/\/claec.org\/editora\/wp-json\/wp\/v2\/comments?post=127"}],"version-history":[{"count":1,"href":"https:\/\/claec.org\/editora\/wp-json\/wp\/v2\/posts\/127\/revisions"}],"predecessor-version":[{"id":129,"href":"https:\/\/claec.org\/editora\/wp-json\/wp\/v2\/posts\/127\/revisions\/129"}],"wp:attachment":[{"href":"https:\/\/claec.org\/editora\/wp-json\/wp\/v2\/media?parent=127"}],"wp:term":[{"taxonomy":"category","embeddable":true,"href":"https:\/\/claec.org\/editora\/wp-json\/wp\/v2\/categories?post=127"},{"taxonomy":"post_tag","embeddable":true,"href":"https:\/\/claec.org\/editora\/wp-json\/wp\/v2\/tags?post=127"}],"curies":[{"name":"wp","href":"https:\/\/api.w.org\/{rel}","templated":true}]}}