{"id":11,"date":"2016-06-27T00:21:35","date_gmt":"2016-06-27T03:21:35","guid":{"rendered":"http:\/\/claec.org\/editora\/?p=11"},"modified":"2016-09-30T18:19:06","modified_gmt":"2016-09-30T21:19:06","slug":"e-book-dossie-cultura-em-foco-esta-com-chamada-aberta","status":"publish","type":"post","link":"https:\/\/claec.org\/editora\/e-book-dossie-cultura-em-foco-esta-com-chamada-aberta\/","title":{"rendered":"e-book Dossi\u00ea Cultura em Foco est\u00e1 com chamada aberta (Prorroga\u00e7\u00e3o)"},"content":{"rendered":"<p>A Editora do Centro Latino-Americano de Estudos em Cultura \u2013 CLAEC, convida docentes e pesquisadores a enviarem seus artigos para a primeira edi\u00e7\u00e3o do livro em formato de e-book \u201c<i>Dossi\u00ea Cultura em Foco<\/i>\u201d que traz neste primeiro volume a tem\u00e1tica \u201c<i>Integra\u00e7\u00e3o Cultural Latino-americana<\/i>\u201d.<\/p>\n<p>O e-book com previs\u00e3o de lan\u00e7amento para dezembro de 2016, tem como proposta disponibilizar para a comunidade acad\u00eamica produ\u00e7\u00f5es que deem subs\u00eddios para uma melhor compreens\u00e3o das pol\u00edticas culturais produzidas no \u00e2mbito dos pa\u00edses latinos e as suas contribui\u00e7\u00f5es para a integra\u00e7\u00e3o Latino-americana.<\/p>\n<p>O prazo para submiss\u00e3o de artigos se encerra em 23\/10\/2016. Maiores informa\u00e7\u00f5es sobre o e-book e as formas de participa\u00e7\u00e3o dever\u00e3o ser obtidas no edital da chamada p\u00fablica disponibilizado <a href=\"http:\/\/claec.org\/editora\/wp-content\/uploads\/sites\/3\/2016\/06\/Edital-da-Chamada-P\u00fablica-1.pdf\" target=\"_blank\">AQUI<\/a>.<\/p>\n<p><a href=\"http:\/\/claec.org\/editora\/wp-content\/uploads\/sites\/3\/2016\/06\/Modelo-de-CAPA.docx\" target=\"_blank\">Modelo de Capa Artigo.<\/a><\/p>\n","protected":false},"excerpt":{"rendered":"<p>A Editora do Centro Latino-Americano de Estudos em Cultura \u2013 CLAEC, convida docentes e pesquisadores a enviarem seus artigos para a primeira edi\u00e7\u00e3o do livro em formato de e-book \u201cDossi\u00ea Cultura em Foco\u201d que traz neste primeiro volume a tem\u00e1tica \u201cIntegra\u00e7\u00e3o Cultural Latino-americana\u201d. O e-book com previs\u00e3o de lan\u00e7amento para dezembro de 2016, tem como [&hellip;]<\/p>\n","protected":false},"author":1,"featured_media":0,"comment_status":"open","ping_status":"open","sticky":false,"template":"","format":"standard","meta":{"_monsterinsights_skip_tracking":false,"_monsterinsights_sitenote_active":false,"_monsterinsights_sitenote_note":"","_monsterinsights_sitenote_category":0,"footnotes":""},"categories":[2],"tags":[],"class_list":["post-11","post","type-post","status-publish","format-standard","hentry","category-noticias"],"_links":{"self":[{"href":"https:\/\/claec.org\/editora\/wp-json\/wp\/v2\/posts\/11","targetHints":{"allow":["GET"]}}],"collection":[{"href":"https:\/\/claec.org\/editora\/wp-json\/wp\/v2\/posts"}],"about":[{"href":"https:\/\/claec.org\/editora\/wp-json\/wp\/v2\/types\/post"}],"author":[{"embeddable":true,"href":"https:\/\/claec.org\/editora\/wp-json\/wp\/v2\/users\/1"}],"replies":[{"embeddable":true,"href":"https:\/\/claec.org\/editora\/wp-json\/wp\/v2\/comments?post=11"}],"version-history":[{"count":5,"href":"https:\/\/claec.org\/editora\/wp-json\/wp\/v2\/posts\/11\/revisions"}],"predecessor-version":[{"id":112,"href":"https:\/\/claec.org\/editora\/wp-json\/wp\/v2\/posts\/11\/revisions\/112"}],"wp:attachment":[{"href":"https:\/\/claec.org\/editora\/wp-json\/wp\/v2\/media?parent=11"}],"wp:term":[{"taxonomy":"category","embeddable":true,"href":"https:\/\/claec.org\/editora\/wp-json\/wp\/v2\/categories?post=11"},{"taxonomy":"post_tag","embeddable":true,"href":"https:\/\/claec.org\/editora\/wp-json\/wp\/v2\/tags?post=11"}],"curies":[{"name":"wp","href":"https:\/\/api.w.org\/{rel}","templated":true}]}}